{"id":38,"date":"2014-10-25T20:10:03","date_gmt":"2014-10-25T20:10:03","guid":{"rendered":"http:\/\/www.kusterweb.ch\/modellbau\/?p=38"},"modified":"2015-03-15T16:52:17","modified_gmt":"2015-03-15T16:52:17","slug":"layout-spreader","status":"publish","type":"post","link":"https:\/\/www.kusterweb.ch\/modellbau\/layout-spreader\/","title":{"rendered":"Layout, Spreader"},"content":{"rendered":"<figure id=\"attachment_33\" aria-describedby=\"caption-attachment-33\" style=\"width: 150px\" class=\"wp-caption alignnone\"><a href=\"https:\/\/www.kusterweb.ch\/modellbau\/wp-content\/uploads\/2015\/03\/Verladung_auf_die_Bahn_1.jpg\"><img loading=\"lazy\" decoding=\"async\" class=\"wp-image-33 size-thumbnail\" src=\"https:\/\/www.kusterweb.ch\/modellbau\/wp-content\/uploads\/2015\/03\/Verladung_auf_die_Bahn_1-150x150.jpg\" alt=\"(c) www.lekkerland.ch\" width=\"150\" height=\"150\" \/><\/a><figcaption id=\"caption-attachment-33\" class=\"wp-caption-text\">(c) www.lekkerland.ch<\/figcaption><\/figure>\n<p>Folgend zwei Bilder zum aktuellen Stand des Layouts.<\/p>\n<div id='gallery-1' class='gallery galleryid-38 gallery-columns-2 gallery-size-thumbnail'><figure class='gallery-item'>\n\t\t\t<div class='gallery-icon landscape'>\n\t\t\t\t<a href='https:\/\/www.kusterweb.ch\/modellbau\/portalkran-mein-ziel\/attachment\/30\/'><img loading=\"lazy\" decoding=\"async\" width=\"150\" height=\"150\" src=\"https:\/\/www.kusterweb.ch\/modellbau\/wp-content\/uploads\/2015\/03\/IMG_4040-150x150.jpg\" class=\"attachment-thumbnail size-thumbnail\" alt=\"\" aria-describedby=\"gallery-1-30\" \/><\/a>\n\t\t\t<\/div>\n\t\t\t\t<figcaption class='wp-caption-text gallery-caption' id='gallery-1-30'>\n\t\t\t\tHolzst\u00fccke symbolisieren die Kranst\u00fctzen\n\t\t\t\t<\/figcaption><\/figure><figure class='gallery-item'>\n\t\t\t<div class='gallery-icon landscape'>\n\t\t\t\t<a href='https:\/\/www.kusterweb.ch\/modellbau\/portalkran-mein-ziel\/attachment\/29\/'><img loading=\"lazy\" decoding=\"async\" width=\"150\" height=\"150\" src=\"https:\/\/www.kusterweb.ch\/modellbau\/wp-content\/uploads\/2015\/03\/IMG_4039-150x150.jpg\" class=\"attachment-thumbnail size-thumbnail\" alt=\"\" \/><\/a>\n\t\t\t<\/div><\/figure>\n\t\t<\/div>\n\n<p>Im Vergleich zum Original, enth\u00e4lt mein Layout eine Bahnspur weniger, damit die Gr\u00f6ssenverh\u00e4ltnisse besser eingehalten werden k\u00f6nnen.<\/p>\n<p>Beim Spreader bin ich nun daran die Mechanik einzubauen und schlussendlich einen ersten Testlauf zu wagen. Weitere Berichte folgen\u2026<\/p>\n<div id='gallery-2' class='gallery galleryid-38 gallery-columns-3 gallery-size-thumbnail'><figure class='gallery-item'>\n\t\t\t<div class='gallery-icon landscape'>\n\t\t\t\t<a href='https:\/\/www.kusterweb.ch\/modellbau\/portalkran-mein-ziel\/img_4052\/'><img loading=\"lazy\" decoding=\"async\" width=\"150\" height=\"150\" src=\"https:\/\/www.kusterweb.ch\/modellbau\/wp-content\/uploads\/2015\/03\/IMG_4052-150x150.jpg\" class=\"attachment-thumbnail size-thumbnail\" alt=\"\" aria-describedby=\"gallery-2-32\" \/><\/a>\n\t\t\t<\/div>\n\t\t\t\t<figcaption class='wp-caption-text gallery-caption' id='gallery-2-32'>\n\t\t\t\tSpreader Bottom\n\t\t\t\t<\/figcaption><\/figure><figure class='gallery-item'>\n\t\t\t<div class='gallery-icon landscape'>\n\t\t\t\t<a href='https:\/\/www.kusterweb.ch\/modellbau\/portalkran-mein-ziel\/attachment\/31\/'><img loading=\"lazy\" decoding=\"async\" width=\"150\" height=\"150\" src=\"https:\/\/www.kusterweb.ch\/modellbau\/wp-content\/uploads\/2015\/03\/IMG_4045-150x150.jpg\" class=\"attachment-thumbnail size-thumbnail\" alt=\"\" aria-describedby=\"gallery-2-31\" \/><\/a>\n\t\t\t<\/div>\n\t\t\t\t<figcaption class='wp-caption-text gallery-caption' id='gallery-2-31'>\n\t\t\t\tSpreader Top\n\t\t\t\t<\/figcaption><\/figure>\n\t\t<\/div>\n\n<p>(In der Mitte ist noch Platz f\u00fcr den Motor. Ebenfalls fehlen die Greifer auf den Seiten.)<\/p>\n","protected":false},"excerpt":{"rendered":"<div class=\"mh-excerpt\"><p>Folgend zwei Bilder zum aktuellen Stand des Layouts. Im Vergleich zum Original, enth\u00e4lt mein Layout eine Bahnspur weniger, damit die Gr\u00f6ssenverh\u00e4ltnisse besser eingehalten werden k\u00f6nnen. <a class=\"mh-excerpt-more\" href=\"https:\/\/www.kusterweb.ch\/modellbau\/layout-spreader\/\" title=\"Layout, Spreader\">[&#8230;]<\/a><\/p>\n<\/div>","protected":false},"author":1,"featured_media":0,"comment_status":"open","ping_status":"open","sticky":false,"template":"","format":"aside","meta":{"footnotes":""},"categories":[2],"tags":[],"_links":{"self":[{"href":"https:\/\/www.kusterweb.ch\/modellbau\/wp-json\/wp\/v2\/posts\/38"}],"collection":[{"href":"https:\/\/www.kusterweb.ch\/modellbau\/wp-json\/wp\/v2\/posts"}],"about":[{"href":"https:\/\/www.kusterweb.ch\/modellbau\/wp-json\/wp\/v2\/types\/post"}],"author":[{"embeddable":true,"href":"https:\/\/www.kusterweb.ch\/modellbau\/wp-json\/wp\/v2\/users\/1"}],"replies":[{"embeddable":true,"href":"https:\/\/www.kusterweb.ch\/modellbau\/wp-json\/wp\/v2\/comments?post=38"}],"version-history":[{"count":3,"href":"https:\/\/www.kusterweb.ch\/modellbau\/wp-json\/wp\/v2\/posts\/38\/revisions"}],"predecessor-version":[{"id":86,"href":"https:\/\/www.kusterweb.ch\/modellbau\/wp-json\/wp\/v2\/posts\/38\/revisions\/86"}],"wp:attachment":[{"href":"https:\/\/www.kusterweb.ch\/modellbau\/wp-json\/wp\/v2\/media?parent=38"}],"wp:term":[{"taxonomy":"category","embeddable":true,"href":"https:\/\/www.kusterweb.ch\/modellbau\/wp-json\/wp\/v2\/categories?post=38"},{"taxonomy":"post_tag","embeddable":true,"href":"https:\/\/www.kusterweb.ch\/modellbau\/wp-json\/wp\/v2\/tags?post=38"}],"curies":[{"name":"wp","href":"https:\/\/api.w.org\/{rel}","templated":true}]}}